{"id":4995,"date":"2019-12-10T11:57:20","date_gmt":"2019-12-10T10:57:20","guid":{"rendered":"http:\/\/www.fotoklaser.pl\/blog\/?p=4995"},"modified":"2022-11-18T07:58:36","modified_gmt":"2022-11-18T06:58:36","slug":"zaproszenie-na-sesje","status":"publish","type":"post","link":"https:\/\/www.fotoklaser.pl\/blog\/2019\/12\/10\/zaproszenie-na-sesje\/","title":{"rendered":"Zaproszenie na sesje"},"content":{"rendered":"<ol>\n<li>Zaproszenie MINI &#8211; obejmuje 5 wybranych uj\u0119\u0107 w wersji elektronicznej i papierowej. Czas realizacji do 3 miesi\u0119cy od daty zakupu. Po sesji klient ma wgl\u0105d do szerszego materia\u0142u i mo\u017cliwo\u015b\u0107\u00a0 dokupienia kolejnych uj\u0119\u0107 w cenie 50z\u0142\/szt. <strong>Koszt zaproszenia &#8211; 400z\u0142 (dni powszednie) lub 500z\u0142 (weekendy i \u015bwi\u0119ta).<br \/>\n<\/strong><\/li>\n<li>Zaproszenie STANDARD &#8211; obejmuje 10 wybranych uj\u0119\u0107 w wersji elektronicznej i papierowej.Czas realizacji &#8211; pe\u0142ny rok od daty zakupu. Po sesji klient ma wgl\u0105d do szerszego materia\u0142u i mo\u017cliwo\u015b\u0107 dokupienia kolejnych uj\u0119\u0107 w cenie 50z\u0142\/szt. <strong>Koszt zaproszenia 700z\u0142 (dni powszednie) lub 800z\u0142 (weekendy i \u015bwi\u0119ta).<\/strong><br \/>\n\n\t\t<style type=\"text\/css\">\n\t\t\t#gallery-1 {\n\t\t\t\tmargin: auto;\n\t\t\t}\n\t\t\t#gallery-1 .gallery-item {\n\t\t\t\tfloat: left;\n\t\t\t\tmargin-top: 10px;\n\t\t\t\ttext-align: center;\n\t\t\t\twidth: 50%;\n\t\t\t}\n\t\t\t#gallery-1 img {\n\t\t\t\tborder: 2px solid #cfcfcf;\n\t\t\t}\n\t\t\t#gallery-1 .gallery-caption {\n\t\t\t\tmargin-left: 0;\n\t\t\t}\n\t\t\t\/* see gallery_shortcode() in wp-includes\/media.php *\/\n\t\t<\/style>\n\t\t<div id='gallery-1' class='gallery galleryid-4995 gallery-columns-2 gallery-size-large'><dl class='gallery-item'>\n\t\t\t<dt class='gallery-icon landscape'>\n\t\t\t\t<img width=\"904\" height=\"603\" src=\"https:\/\/www.fotoklaser.pl\/blog\/wp-content\/uploads\/2019\/12\/zapki01-1024x683.jpg\" class=\"attachment-large size-large\" alt=\"\" decoding=\"async\" loading=\"lazy\" srcset=\"https:\/\/www.fotoklaser.pl\/blog\/wp-content\/uploads\/2019\/12\/zapki01-1024x683.jpg 1024w, https:\/\/www.fotoklaser.pl\/blog\/wp-content\/uploads\/2019\/12\/zapki01-300x200.jpg 300w, https:\/\/www.fotoklaser.pl\/blog\/wp-content\/uploads\/2019\/12\/zapki01-768x512.jpg 768w, https:\/\/www.fotoklaser.pl\/blog\/wp-content\/uploads\/2019\/12\/zapki01-904x603.jpg 904w\" sizes=\"(max-width: 904px) 100vw, 904px\" \/>\n\t\t\t<\/dt><\/dl><dl class='gallery-item'>\n\t\t\t<dt class='gallery-icon landscape'>\n\t\t\t\t<img width=\"904\" height=\"603\" src=\"https:\/\/www.fotoklaser.pl\/blog\/wp-content\/uploads\/2019\/12\/zapki02-1024x683.jpg\" class=\"attachment-large size-large\" alt=\"\" decoding=\"async\" loading=\"lazy\" srcset=\"https:\/\/www.fotoklaser.pl\/blog\/wp-content\/uploads\/2019\/12\/zapki02-1024x683.jpg 1024w, https:\/\/www.fotoklaser.pl\/blog\/wp-content\/uploads\/2019\/12\/zapki02-300x200.jpg 300w, https:\/\/www.fotoklaser.pl\/blog\/wp-content\/uploads\/2019\/12\/zapki02-768x512.jpg 768w, https:\/\/www.fotoklaser.pl\/blog\/wp-content\/uploads\/2019\/12\/zapki02-904x603.jpg 904w\" sizes=\"(max-width: 904px) 100vw, 904px\" \/>\n\t\t\t<\/dt><\/dl><br style=\"clear: both\" \/>\n\t\t<\/div>\n<\/p>\n<div class=\"a2pw\" style=\"text-align: center; padding-top: 5px;\"><\/div>\n\n\t\t<style type=\"text\/css\">\n\t\t\t#gallery-2 {\n\t\t\t\tmargin: auto;\n\t\t\t}\n\t\t\t#gallery-2 .gallery-item {\n\t\t\t\tfloat: left;\n\t\t\t\tmargin-top: 10px;\n\t\t\t\ttext-align: center;\n\t\t\t\twidth: 50%;\n\t\t\t}\n\t\t\t#gallery-2 img {\n\t\t\t\tborder: 2px solid #cfcfcf;\n\t\t\t}\n\t\t\t#gallery-2 .gallery-caption {\n\t\t\t\tmargin-left: 0;\n\t\t\t}\n\t\t\t\/* see gallery_shortcode() in wp-includes\/media.php *\/\n\t\t<\/style>\n\t\t<div id='gallery-2' class='gallery galleryid-4995 gallery-columns-2 gallery-size-large'><dl class='gallery-item'>\n\t\t\t<dt class='gallery-icon landscape'>\n\t\t\t\t<img width=\"904\" height=\"603\" src=\"https:\/\/www.fotoklaser.pl\/blog\/wp-content\/uploads\/2019\/12\/zapr01-1024x683.jpg\" class=\"attachment-large size-large\" alt=\"\" decoding=\"async\" loading=\"lazy\" srcset=\"https:\/\/www.fotoklaser.pl\/blog\/wp-content\/uploads\/2019\/12\/zapr01-1024x683.jpg 1024w, https:\/\/www.fotoklaser.pl\/blog\/wp-content\/uploads\/2019\/12\/zapr01-300x200.jpg 300w, https:\/\/www.fotoklaser.pl\/blog\/wp-content\/uploads\/2019\/12\/zapr01-768x512.jpg 768w, https:\/\/www.fotoklaser.pl\/blog\/wp-content\/uploads\/2019\/12\/zapr01-904x603.jpg 904w\" sizes=\"(max-width: 904px) 100vw, 904px\" \/>\n\t\t\t<\/dt><\/dl><dl class='gallery-item'>\n\t\t\t<dt class='gallery-icon landscape'>\n\t\t\t\t<img width=\"904\" height=\"603\" src=\"https:\/\/www.fotoklaser.pl\/blog\/wp-content\/uploads\/2019\/12\/zapr02-1024x683.jpg\" class=\"attachment-large size-large\" alt=\"\" decoding=\"async\" loading=\"lazy\" srcset=\"https:\/\/www.fotoklaser.pl\/blog\/wp-content\/uploads\/2019\/12\/zapr02-1024x683.jpg 1024w, https:\/\/www.fotoklaser.pl\/blog\/wp-content\/uploads\/2019\/12\/zapr02-300x200.jpg 300w, https:\/\/www.fotoklaser.pl\/blog\/wp-content\/uploads\/2019\/12\/zapr02-768x512.jpg 768w, https:\/\/www.fotoklaser.pl\/blog\/wp-content\/uploads\/2019\/12\/zapr02-904x603.jpg 904w\" sizes=\"(max-width: 904px) 100vw, 904px\" \/>\n\t\t\t<\/dt><\/dl><br style=\"clear: both\" \/>\n\t\t<\/div>\n\n<p><!--more-->Istnieje mo\u017cliwo\u015b\u0107 schowania zaproszenia w gustownym albumie harmonijkowym, po sesji album pos\u0142u\u017cy wybranym zdj\u0119ciom &#8211; dop\u0142ata za album 60z\u0142<\/p>\n\n\t\t<style type=\"text\/css\">\n\t\t\t#gallery-3 {\n\t\t\t\tmargin: auto;\n\t\t\t}\n\t\t\t#gallery-3 .gallery-item {\n\t\t\t\tfloat: left;\n\t\t\t\tmargin-top: 10px;\n\t\t\t\ttext-align: center;\n\t\t\t\twidth: 50%;\n\t\t\t}\n\t\t\t#gallery-3 img {\n\t\t\t\tborder: 2px solid #cfcfcf;\n\t\t\t}\n\t\t\t#gallery-3 .gallery-caption {\n\t\t\t\tmargin-left: 0;\n\t\t\t}\n\t\t\t\/* see gallery_shortcode() in wp-includes\/media.php *\/\n\t\t<\/style>\n\t\t<div id='gallery-3' class='gallery galleryid-4995 gallery-columns-2 gallery-size-large'><dl class='gallery-item'>\n\t\t\t<dt class='gallery-icon landscape'>\n\t\t\t\t<img width=\"904\" height=\"603\" src=\"https:\/\/www.fotoklaser.pl\/blog\/wp-content\/uploads\/2019\/12\/zaprosz01-1024x683.jpg\" class=\"attachment-large size-large\" alt=\"\" decoding=\"async\" loading=\"lazy\" srcset=\"https:\/\/www.fotoklaser.pl\/blog\/wp-content\/uploads\/2019\/12\/zaprosz01-1024x683.jpg 1024w, https:\/\/www.fotoklaser.pl\/blog\/wp-content\/uploads\/2019\/12\/zaprosz01-300x200.jpg 300w, https:\/\/www.fotoklaser.pl\/blog\/wp-content\/uploads\/2019\/12\/zaprosz01-768x512.jpg 768w, https:\/\/www.fotoklaser.pl\/blog\/wp-content\/uploads\/2019\/12\/zaprosz01-904x603.jpg 904w\" sizes=\"(max-width: 904px) 100vw, 904px\" \/>\n\t\t\t<\/dt><\/dl><dl class='gallery-item'>\n\t\t\t<dt class='gallery-icon landscape'>\n\t\t\t\t<img width=\"904\" height=\"603\" src=\"https:\/\/www.fotoklaser.pl\/blog\/wp-content\/uploads\/2019\/12\/zaprosz02-1024x683.jpg\" class=\"attachment-large size-large\" alt=\"\" decoding=\"async\" loading=\"lazy\" srcset=\"https:\/\/www.fotoklaser.pl\/blog\/wp-content\/uploads\/2019\/12\/zaprosz02-1024x683.jpg 1024w, https:\/\/www.fotoklaser.pl\/blog\/wp-content\/uploads\/2019\/12\/zaprosz02-300x200.jpg 300w, https:\/\/www.fotoklaser.pl\/blog\/wp-content\/uploads\/2019\/12\/zaprosz02-768x512.jpg 768w, https:\/\/www.fotoklaser.pl\/blog\/wp-content\/uploads\/2019\/12\/zaprosz02-904x603.jpg 904w\" sizes=\"(max-width: 904px) 100vw, 904px\" \/>\n\t\t\t<\/dt><\/dl><br style=\"clear: both\" \/>\n\t\t<\/div>\n\n\n\t\t<style type=\"text\/css\">\n\t\t\t#gallery-4 {\n\t\t\t\tmargin: auto;\n\t\t\t}\n\t\t\t#gallery-4 .gallery-item {\n\t\t\t\tfloat: left;\n\t\t\t\tmargin-top: 10px;\n\t\t\t\ttext-align: center;\n\t\t\t\twidth: 100%;\n\t\t\t}\n\t\t\t#gallery-4 img {\n\t\t\t\tborder: 2px solid #cfcfcf;\n\t\t\t}\n\t\t\t#gallery-4 .gallery-caption {\n\t\t\t\tmargin-left: 0;\n\t\t\t}\n\t\t\t\/* see gallery_shortcode() in wp-includes\/media.php *\/\n\t\t<\/style>\n\t\t<div id='gallery-4' class='gallery galleryid-4995 gallery-columns-1 gallery-size-large'><dl class='gallery-item'>\n\t\t\t<dt class='gallery-icon landscape'>\n\t\t\t\t<a href='https:\/\/www.fotoklaser.pl\/blog\/2019\/12\/10\/zaproszenie-na-sesje\/zaproszroz01skl\/'><img width=\"904\" height=\"447\" src=\"https:\/\/www.fotoklaser.pl\/blog\/wp-content\/uploads\/2019\/12\/zaproszroz01skl-1024x506.jpg\" class=\"attachment-large size-large\" alt=\"\" decoding=\"async\" loading=\"lazy\" srcset=\"https:\/\/www.fotoklaser.pl\/blog\/wp-content\/uploads\/2019\/12\/zaproszroz01skl-1024x506.jpg 1024w, https:\/\/www.fotoklaser.pl\/blog\/wp-content\/uploads\/2019\/12\/zaproszroz01skl-300x148.jpg 300w, https:\/\/www.fotoklaser.pl\/blog\/wp-content\/uploads\/2019\/12\/zaproszroz01skl-768x379.jpg 768w, https:\/\/www.fotoklaser.pl\/blog\/wp-content\/uploads\/2019\/12\/zaproszroz01skl-904x447.jpg 904w\" sizes=\"(max-width: 904px) 100vw, 904px\" \/><\/a>\n\t\t\t<\/dt><\/dl><br style=\"clear: both\" \/>\n\t\t<\/div>\n\n<div class=\"a2pw\" style=\"text-align: center; padding-top: 5px;\"><\/div>\n<p>Dla pasjonat\u00f3w drewna przygotujemy zaproszenie w ramie, wykonanej z starego drewna -dop\u0142ata za ramk\u0119 od 100 do 150z\u0142 w zale\u017cno\u015bci od rozmiaru.<\/p>\n\n\t\t<style type=\"text\/css\">\n\t\t\t#gallery-5 {\n\t\t\t\tmargin: auto;\n\t\t\t}\n\t\t\t#gallery-5 .gallery-item {\n\t\t\t\tfloat: left;\n\t\t\t\tmargin-top: 10px;\n\t\t\t\ttext-align: center;\n\t\t\t\twidth: 50%;\n\t\t\t}\n\t\t\t#gallery-5 img {\n\t\t\t\tborder: 2px solid #cfcfcf;\n\t\t\t}\n\t\t\t#gallery-5 .gallery-caption {\n\t\t\t\tmargin-left: 0;\n\t\t\t}\n\t\t\t\/* see gallery_shortcode() in wp-includes\/media.php *\/\n\t\t<\/style>\n\t\t<div id='gallery-5' class='gallery galleryid-4995 gallery-columns-2 gallery-size-large'><dl class='gallery-item'>\n\t\t\t<dt class='gallery-icon landscape'>\n\t\t\t\t<img width=\"904\" height=\"603\" src=\"https:\/\/www.fotoklaser.pl\/blog\/wp-content\/uploads\/2019\/12\/zap001-1024x683.jpg\" class=\"attachment-large size-large\" alt=\"\" decoding=\"async\" loading=\"lazy\" srcset=\"https:\/\/www.fotoklaser.pl\/blog\/wp-content\/uploads\/2019\/12\/zap001-1024x683.jpg 1024w, https:\/\/www.fotoklaser.pl\/blog\/wp-content\/uploads\/2019\/12\/zap001-300x200.jpg 300w, https:\/\/www.fotoklaser.pl\/blog\/wp-content\/uploads\/2019\/12\/zap001-768x512.jpg 768w, https:\/\/www.fotoklaser.pl\/blog\/wp-content\/uploads\/2019\/12\/zap001-904x603.jpg 904w\" sizes=\"(max-width: 904px) 100vw, 904px\" \/>\n\t\t\t<\/dt><\/dl><dl class='gallery-item'>\n\t\t\t<dt class='gallery-icon landscape'>\n\t\t\t\t<img width=\"904\" height=\"603\" src=\"https:\/\/www.fotoklaser.pl\/blog\/wp-content\/uploads\/2019\/12\/zap002-1024x683.jpg\" class=\"attachment-large size-large\" alt=\"\" decoding=\"async\" loading=\"lazy\" srcset=\"https:\/\/www.fotoklaser.pl\/blog\/wp-content\/uploads\/2019\/12\/zap002-1024x683.jpg 1024w, https:\/\/www.fotoklaser.pl\/blog\/wp-content\/uploads\/2019\/12\/zap002-300x200.jpg 300w, https:\/\/www.fotoklaser.pl\/blog\/wp-content\/uploads\/2019\/12\/zap002-768x512.jpg 768w, https:\/\/www.fotoklaser.pl\/blog\/wp-content\/uploads\/2019\/12\/zap002-904x603.jpg 904w\" sizes=\"(max-width: 904px) 100vw, 904px\" \/>\n\t\t\t<\/dt><\/dl><br style=\"clear: both\" \/>\n\t\t<\/div>\n\n<p>Zaproszenie schowane w przepi\u0119knym albumie tradycyjnym &#8211;\u00a0 dost\u0119pny w r\u00f3\u017cnych odcieniach, mo\u017ce by\u0107 personalizowany.<br \/>\nAlbum w rozmiarze 20x30cm pi\u0119knie pomie\u015bci zdj\u0119cia: 10x15cm, 13x18cm lub 23x15cm &#8211; dop\u0142ata\u00a0 do albumu 200z\u0142. Cena personalizacji ustalana jest indywidualnie. Mo\u017cliwe dokupienie ochronnego welurowego etui.<\/p>\n\n\t\t<style type=\"text\/css\">\n\t\t\t#gallery-6 {\n\t\t\t\tmargin: auto;\n\t\t\t}\n\t\t\t#gallery-6 .gallery-item {\n\t\t\t\tfloat: left;\n\t\t\t\tmargin-top: 10px;\n\t\t\t\ttext-align: center;\n\t\t\t\twidth: 50%;\n\t\t\t}\n\t\t\t#gallery-6 img {\n\t\t\t\tborder: 2px solid #cfcfcf;\n\t\t\t}\n\t\t\t#gallery-6 .gallery-caption {\n\t\t\t\tmargin-left: 0;\n\t\t\t}\n\t\t\t\/* see gallery_shortcode() in wp-includes\/media.php *\/\n\t\t<\/style>\n\t\t<div id='gallery-6' class='gallery galleryid-4995 gallery-columns-2 gallery-size-large'><dl class='gallery-item'>\n\t\t\t<dt class='gallery-icon landscape'>\n\t\t\t\t<img width=\"904\" height=\"603\" src=\"https:\/\/www.fotoklaser.pl\/blog\/wp-content\/uploads\/2019\/12\/zapr02-1-1024x683.jpg\" class=\"attachment-large size-large\" alt=\"\" decoding=\"async\" loading=\"lazy\" srcset=\"https:\/\/www.fotoklaser.pl\/blog\/wp-content\/uploads\/2019\/12\/zapr02-1-1024x683.jpg 1024w, https:\/\/www.fotoklaser.pl\/blog\/wp-content\/uploads\/2019\/12\/zapr02-1-300x200.jpg 300w, https:\/\/www.fotoklaser.pl\/blog\/wp-content\/uploads\/2019\/12\/zapr02-1-768x512.jpg 768w, https:\/\/www.fotoklaser.pl\/blog\/wp-content\/uploads\/2019\/12\/zapr02-1-904x603.jpg 904w\" sizes=\"(max-width: 904px) 100vw, 904px\" \/>\n\t\t\t<\/dt><\/dl><dl class='gallery-item'>\n\t\t\t<dt class='gallery-icon landscape'>\n\t\t\t\t<img width=\"904\" height=\"603\" src=\"https:\/\/www.fotoklaser.pl\/blog\/wp-content\/uploads\/2019\/12\/zapr03-1024x683.jpg\" class=\"attachment-large size-large\" alt=\"\" decoding=\"async\" loading=\"lazy\" srcset=\"https:\/\/www.fotoklaser.pl\/blog\/wp-content\/uploads\/2019\/12\/zapr03-1024x683.jpg 1024w, https:\/\/www.fotoklaser.pl\/blog\/wp-content\/uploads\/2019\/12\/zapr03-300x200.jpg 300w, https:\/\/www.fotoklaser.pl\/blog\/wp-content\/uploads\/2019\/12\/zapr03-768x512.jpg 768w, https:\/\/www.fotoklaser.pl\/blog\/wp-content\/uploads\/2019\/12\/zapr03-904x603.jpg 904w\" sizes=\"(max-width: 904px) 100vw, 904px\" \/>\n\t\t\t<\/dt><\/dl><br style=\"clear: both\" \/><dl class='gallery-item'>\n\t\t\t<dt class='gallery-icon landscape'>\n\t\t\t\t<img width=\"904\" height=\"603\" src=\"https:\/\/www.fotoklaser.pl\/blog\/wp-content\/uploads\/2019\/12\/bodzioch02-1024x683.jpg\" class=\"attachment-large size-large\" alt=\"\" decoding=\"async\" loading=\"lazy\" srcset=\"https:\/\/www.fotoklaser.pl\/blog\/wp-content\/uploads\/2019\/12\/bodzioch02-1024x683.jpg 1024w, https:\/\/www.fotoklaser.pl\/blog\/wp-content\/uploads\/2019\/12\/bodzioch02-300x200.jpg 300w, https:\/\/www.fotoklaser.pl\/blog\/wp-content\/uploads\/2019\/12\/bodzioch02-768x512.jpg 768w, https:\/\/www.fotoklaser.pl\/blog\/wp-content\/uploads\/2019\/12\/bodzioch02-904x603.jpg 904w\" sizes=\"(max-width: 904px) 100vw, 904px\" \/>\n\t\t\t<\/dt><\/dl><dl class='gallery-item'>\n\t\t\t<dt class='gallery-icon landscape'>\n\t\t\t\t<img width=\"904\" height=\"603\" src=\"https:\/\/www.fotoklaser.pl\/blog\/wp-content\/uploads\/2019\/12\/bodzioch03-1024x683.jpg\" class=\"attachment-large size-large\" alt=\"\" decoding=\"async\" loading=\"lazy\" srcset=\"https:\/\/www.fotoklaser.pl\/blog\/wp-content\/uploads\/2019\/12\/bodzioch03-1024x683.jpg 1024w, https:\/\/www.fotoklaser.pl\/blog\/wp-content\/uploads\/2019\/12\/bodzioch03-300x200.jpg 300w, https:\/\/www.fotoklaser.pl\/blog\/wp-content\/uploads\/2019\/12\/bodzioch03-768x512.jpg 768w, https:\/\/www.fotoklaser.pl\/blog\/wp-content\/uploads\/2019\/12\/bodzioch03-904x603.jpg 904w\" sizes=\"(max-width: 904px) 100vw, 904px\" \/>\n\t\t\t<\/dt><\/dl><br style=\"clear: both\" \/><dl class='gallery-item'>\n\t\t\t<dt class='gallery-icon landscape'>\n\t\t\t\t<img width=\"904\" height=\"603\" src=\"https:\/\/www.fotoklaser.pl\/blog\/wp-content\/uploads\/2019\/12\/albumy03m-1024x683.jpg\" class=\"attachment-large size-large\" alt=\"\" decoding=\"async\" loading=\"lazy\" srcset=\"https:\/\/www.fotoklaser.pl\/blog\/wp-content\/uploads\/2019\/12\/albumy03m-1024x683.jpg 1024w, https:\/\/www.fotoklaser.pl\/blog\/wp-content\/uploads\/2019\/12\/albumy03m-300x200.jpg 300w, https:\/\/www.fotoklaser.pl\/blog\/wp-content\/uploads\/2019\/12\/albumy03m-768x512.jpg 768w, https:\/\/www.fotoklaser.pl\/blog\/wp-content\/uploads\/2019\/12\/albumy03m-904x603.jpg 904w\" sizes=\"(max-width: 904px) 100vw, 904px\" \/>\n\t\t\t<\/dt><\/dl><dl class='gallery-item'>\n\t\t\t<dt class='gallery-icon landscape'>\n\t\t\t\t<img width=\"904\" height=\"603\" src=\"https:\/\/www.fotoklaser.pl\/blog\/wp-content\/uploads\/2019\/12\/albumy04m-1024x683.jpg\" class=\"attachment-large size-large\" alt=\"\" decoding=\"async\" loading=\"lazy\" srcset=\"https:\/\/www.fotoklaser.pl\/blog\/wp-content\/uploads\/2019\/12\/albumy04m-1024x683.jpg 1024w, https:\/\/www.fotoklaser.pl\/blog\/wp-content\/uploads\/2019\/12\/albumy04m-300x200.jpg 300w, https:\/\/www.fotoklaser.pl\/blog\/wp-content\/uploads\/2019\/12\/albumy04m-768x512.jpg 768w, https:\/\/www.fotoklaser.pl\/blog\/wp-content\/uploads\/2019\/12\/albumy04m-904x603.jpg 904w, https:\/\/www.fotoklaser.pl\/blog\/wp-content\/uploads\/2019\/12\/albumy04m.jpg 1200w\" sizes=\"(max-width: 904px) 100vw, 904px\" \/>\n\t\t\t<\/dt><\/dl><br style=\"clear: both\" \/>\n\t\t<\/div>\n\n<p>Je\u015bli nie masz czasu lub r\u0119ki do pakowania prezent\u00f3w- zostaw do nam ! Zrobimy to za Ciebie z najwi\u0119ksz\u0105 przyjemno\u015bci\u0105! Cena od od 40 -50z\u0142 &#8211; ustalana indywidualnie z klientem.<\/p>\n\n\t\t<style type=\"text\/css\">\n\t\t\t#gallery-7 {\n\t\t\t\tmargin: auto;\n\t\t\t}\n\t\t\t#gallery-7 .gallery-item {\n\t\t\t\tfloat: left;\n\t\t\t\tmargin-top: 10px;\n\t\t\t\ttext-align: center;\n\t\t\t\twidth: 50%;\n\t\t\t}\n\t\t\t#gallery-7 img {\n\t\t\t\tborder: 2px solid #cfcfcf;\n\t\t\t}\n\t\t\t#gallery-7 .gallery-caption {\n\t\t\t\tmargin-left: 0;\n\t\t\t}\n\t\t\t\/* see gallery_shortcode() in wp-includes\/media.php *\/\n\t\t<\/style>\n\t\t<div id='gallery-7' class='gallery galleryid-4995 gallery-columns-2 gallery-size-large'><dl class='gallery-item'>\n\t\t\t<dt class='gallery-icon landscape'>\n\t\t\t\t<a href='https:\/\/www.fotoklaser.pl\/blog\/2019\/12\/10\/zaproszenie-na-sesje\/zapzpud001m\/'><img width=\"904\" height=\"603\" src=\"https:\/\/www.fotoklaser.pl\/blog\/wp-content\/uploads\/2019\/12\/zapzpud001m-1024x683.jpg\" class=\"attachment-large size-large\" alt=\"\" decoding=\"async\" loading=\"lazy\" srcset=\"https:\/\/www.fotoklaser.pl\/blog\/wp-content\/uploads\/2019\/12\/zapzpud001m-1024x683.jpg 1024w, https:\/\/www.fotoklaser.pl\/blog\/wp-content\/uploads\/2019\/12\/zapzpud001m-300x200.jpg 300w, https:\/\/www.fotoklaser.pl\/blog\/wp-content\/uploads\/2019\/12\/zapzpud001m-768x512.jpg 768w, https:\/\/www.fotoklaser.pl\/blog\/wp-content\/uploads\/2019\/12\/zapzpud001m-904x603.jpg 904w, https:\/\/www.fotoklaser.pl\/blog\/wp-content\/uploads\/2019\/12\/zapzpud001m.jpg 1200w\" sizes=\"(max-width: 904px) 100vw, 904px\" \/><\/a>\n\t\t\t<\/dt><\/dl><dl class='gallery-item'>\n\t\t\t<dt class='gallery-icon landscape'>\n\t\t\t\t<a href='https:\/\/www.fotoklaser.pl\/blog\/2019\/12\/10\/zaproszenie-na-sesje\/zapzpud002\/'><img width=\"904\" height=\"603\" src=\"https:\/\/www.fotoklaser.pl\/blog\/wp-content\/uploads\/2019\/12\/zapzpud002-1024x683.jpg\" class=\"attachment-large size-large\" alt=\"\" decoding=\"async\" loading=\"lazy\" srcset=\"https:\/\/www.fotoklaser.pl\/blog\/wp-content\/uploads\/2019\/12\/zapzpud002-1024x683.jpg 1024w, https:\/\/www.fotoklaser.pl\/blog\/wp-content\/uploads\/2019\/12\/zapzpud002-300x200.jpg 300w, https:\/\/www.fotoklaser.pl\/blog\/wp-content\/uploads\/2019\/12\/zapzpud002-768x512.jpg 768w, https:\/\/www.fotoklaser.pl\/blog\/wp-content\/uploads\/2019\/12\/zapzpud002-904x603.jpg 904w\" sizes=\"(max-width: 904px) 100vw, 904px\" \/><\/a>\n\t\t\t<\/dt><\/dl><br style=\"clear: both\" \/><dl class='gallery-item'>\n\t\t\t<dt class='gallery-icon landscape'>\n\t\t\t\t<a href='https:\/\/www.fotoklaser.pl\/blog\/2019\/12\/10\/zaproszenie-na-sesje\/zapzpud003\/'><img width=\"904\" height=\"603\" src=\"https:\/\/www.fotoklaser.pl\/blog\/wp-content\/uploads\/2019\/12\/zapzpud003-1024x683.jpg\" class=\"attachment-large size-large\" alt=\"\" decoding=\"async\" loading=\"lazy\" srcset=\"https:\/\/www.fotoklaser.pl\/blog\/wp-content\/uploads\/2019\/12\/zapzpud003-1024x683.jpg 1024w, https:\/\/www.fotoklaser.pl\/blog\/wp-content\/uploads\/2019\/12\/zapzpud003-300x200.jpg 300w, https:\/\/www.fotoklaser.pl\/blog\/wp-content\/uploads\/2019\/12\/zapzpud003-768x512.jpg 768w, https:\/\/www.fotoklaser.pl\/blog\/wp-content\/uploads\/2019\/12\/zapzpud003-904x603.jpg 904w\" sizes=\"(max-width: 904px) 100vw, 904px\" \/><\/a>\n\t\t\t<\/dt><\/dl><dl class='gallery-item'>\n\t\t\t<dt class='gallery-icon landscape'>\n\t\t\t\t<a href='https:\/\/www.fotoklaser.pl\/blog\/2019\/12\/10\/zaproszenie-na-sesje\/zapzpud004\/'><img width=\"904\" height=\"603\" src=\"https:\/\/www.fotoklaser.pl\/blog\/wp-content\/uploads\/2019\/12\/zapzpud004-1024x683.jpg\" class=\"attachment-large size-large\" alt=\"\" decoding=\"async\" loading=\"lazy\" srcset=\"https:\/\/www.fotoklaser.pl\/blog\/wp-content\/uploads\/2019\/12\/zapzpud004-1024x683.jpg 1024w, https:\/\/www.fotoklaser.pl\/blog\/wp-content\/uploads\/2019\/12\/zapzpud004-300x200.jpg 300w, https:\/\/www.fotoklaser.pl\/blog\/wp-content\/uploads\/2019\/12\/zapzpud004-768x512.jpg 768w, https:\/\/www.fotoklaser.pl\/blog\/wp-content\/uploads\/2019\/12\/zapzpud004-904x603.jpg 904w\" sizes=\"(max-width: 904px) 100vw, 904px\" \/><\/a>\n\t\t\t<\/dt><\/dl><br style=\"clear: both\" \/><dl class='gallery-item'>\n\t\t\t<dt class='gallery-icon landscape'>\n\t\t\t\t<a href='https:\/\/www.fotoklaser.pl\/blog\/2019\/12\/10\/zaproszenie-na-sesje\/zapzpud006\/'><img width=\"904\" height=\"603\" src=\"https:\/\/www.fotoklaser.pl\/blog\/wp-content\/uploads\/2019\/12\/zapzpud006-1024x683.jpg\" class=\"attachment-large size-large\" alt=\"\" decoding=\"async\" loading=\"lazy\" srcset=\"https:\/\/www.fotoklaser.pl\/blog\/wp-content\/uploads\/2019\/12\/zapzpud006-1024x683.jpg 1024w, https:\/\/www.fotoklaser.pl\/blog\/wp-content\/uploads\/2019\/12\/zapzpud006-300x200.jpg 300w, https:\/\/www.fotoklaser.pl\/blog\/wp-content\/uploads\/2019\/12\/zapzpud006-768x512.jpg 768w, https:\/\/www.fotoklaser.pl\/blog\/wp-content\/uploads\/2019\/12\/zapzpud006-904x603.jpg 904w\" sizes=\"(max-width: 904px) 100vw, 904px\" \/><\/a>\n\t\t\t<\/dt><\/dl><dl class='gallery-item'>\n\t\t\t<dt class='gallery-icon landscape'>\n\t\t\t\t<a href='https:\/\/www.fotoklaser.pl\/blog\/2019\/12\/10\/zaproszenie-na-sesje\/zapzpud09\/'><img width=\"904\" height=\"603\" src=\"https:\/\/www.fotoklaser.pl\/blog\/wp-content\/uploads\/2019\/12\/zapzpud09-1024x683.jpg\" class=\"attachment-large size-large\" alt=\"\" decoding=\"async\" loading=\"lazy\" srcset=\"https:\/\/www.fotoklaser.pl\/blog\/wp-content\/uploads\/2019\/12\/zapzpud09-1024x683.jpg 1024w, https:\/\/www.fotoklaser.pl\/blog\/wp-content\/uploads\/2019\/12\/zapzpud09-300x200.jpg 300w, https:\/\/www.fotoklaser.pl\/blog\/wp-content\/uploads\/2019\/12\/zapzpud09-768x512.jpg 768w, https:\/\/www.fotoklaser.pl\/blog\/wp-content\/uploads\/2019\/12\/zapzpud09-904x603.jpg 904w\" sizes=\"(max-width: 904px) 100vw, 904px\" \/><\/a>\n\t\t\t<\/dt><\/dl><br style=\"clear: both\" \/><dl class='gallery-item'>\n\t\t\t<dt class='gallery-icon landscape'>\n\t\t\t\t<a href='https:\/\/www.fotoklaser.pl\/blog\/2019\/12\/10\/zaproszenie-na-sesje\/zapzpud08\/'><img width=\"904\" height=\"603\" src=\"https:\/\/www.fotoklaser.pl\/blog\/wp-content\/uploads\/2019\/12\/zapzpud08-1024x683.jpg\" class=\"attachment-large size-large\" alt=\"\" decoding=\"async\" loading=\"lazy\" srcset=\"https:\/\/www.fotoklaser.pl\/blog\/wp-content\/uploads\/2019\/12\/zapzpud08-1024x683.jpg 1024w, https:\/\/www.fotoklaser.pl\/blog\/wp-content\/uploads\/2019\/12\/zapzpud08-300x200.jpg 300w, https:\/\/www.fotoklaser.pl\/blog\/wp-content\/uploads\/2019\/12\/zapzpud08-768x512.jpg 768w, https:\/\/www.fotoklaser.pl\/blog\/wp-content\/uploads\/2019\/12\/zapzpud08-904x603.jpg 904w\" sizes=\"(max-width: 904px) 100vw, 904px\" \/><\/a>\n\t\t\t<\/dt><\/dl><dl class='gallery-item'>\n\t\t\t<dt class='gallery-icon landscape'>\n\t\t\t\t<a href='https:\/\/www.fotoklaser.pl\/blog\/2019\/12\/10\/zaproszenie-na-sesje\/zapzpud11\/'><img width=\"904\" height=\"603\" src=\"https:\/\/www.fotoklaser.pl\/blog\/wp-content\/uploads\/2019\/12\/zapzpud11-1024x683.jpg\" class=\"attachment-large size-large\" alt=\"\" decoding=\"async\" loading=\"lazy\" srcset=\"https:\/\/www.fotoklaser.pl\/blog\/wp-content\/uploads\/2019\/12\/zapzpud11-1024x683.jpg 1024w, https:\/\/www.fotoklaser.pl\/blog\/wp-content\/uploads\/2019\/12\/zapzpud11-300x200.jpg 300w, https:\/\/www.fotoklaser.pl\/blog\/wp-content\/uploads\/2019\/12\/zapzpud11-768x512.jpg 768w, https:\/\/www.fotoklaser.pl\/blog\/wp-content\/uploads\/2019\/12\/zapzpud11-904x603.jpg 904w\" sizes=\"(max-width: 904px) 100vw, 904px\" \/><\/a>\n\t\t\t<\/dt><\/dl><br style=\"clear: both\" \/>\n\t\t<\/div>\n\n<p>Polecamy serdecznie- na wyj\u0105tkowy prezent dla wyj\u0105tkowych ludzi!<\/li>\n<\/ol>\n","protected":false},"excerpt":{"rendered":"<p>Zaproszenie MINI &#8211; obejmuje 5 wybranych uj\u0119\u0107 w wersji elektronicznej i papierowej. Czas realizacji do 3 miesi\u0119cy od daty zakupu. Po sesji klient ma wgl\u0105d do szerszego materia\u0142u i mo\u017cliwo\u015b\u0107\u00a0 dokupienia kolejnych uj\u0119\u0107 w cenie 50z\u0142\/szt. Koszt zaproszenia &#8211; 400z\u0142 (dni powszednie) lub 500z\u0142 (weekendy i \u015bwi\u0119ta). Zaproszenie STANDARD &#8211; obejmuje 10 wybranych uj\u0119\u0107 w [&hellip;]<\/p>\n","protected":false},"author":1,"featured_media":0,"comment_status":"closed","ping_status":"closed","sticky":false,"template":"","format":"standard","meta":[],"categories":[21,16],"tags":[],"jetpack_featured_media_url":"","_links":{"self":[{"href":"https:\/\/www.fotoklaser.pl\/blog\/wp-json\/wp\/v2\/posts\/4995"}],"collection":[{"href":"https:\/\/www.fotoklaser.pl\/blog\/wp-json\/wp\/v2\/posts"}],"about":[{"href":"https:\/\/www.fotoklaser.pl\/blog\/wp-json\/wp\/v2\/types\/post"}],"author":[{"embeddable":true,"href":"https:\/\/www.fotoklaser.pl\/blog\/wp-json\/wp\/v2\/users\/1"}],"replies":[{"embeddable":true,"href":"https:\/\/www.fotoklaser.pl\/blog\/wp-json\/wp\/v2\/comments?post=4995"}],"version-history":[{"count":29,"href":"https:\/\/www.fotoklaser.pl\/blog\/wp-json\/wp\/v2\/posts\/4995\/revisions"}],"predecessor-version":[{"id":8221,"href":"https:\/\/www.fotoklaser.pl\/blog\/wp-json\/wp\/v2\/posts\/4995\/revisions\/8221"}],"wp:attachment":[{"href":"https:\/\/www.fotoklaser.pl\/blog\/wp-json\/wp\/v2\/media?parent=4995"}],"wp:term":[{"taxonomy":"category","embeddable":true,"href":"https:\/\/www.fotoklaser.pl\/blog\/wp-json\/wp\/v2\/categories?post=4995"},{"taxonomy":"post_tag","embeddable":true,"href":"https:\/\/www.fotoklaser.pl\/blog\/wp-json\/wp\/v2\/tags?post=4995"}],"curies":[{"name":"wp","href":"https:\/\/api.w.org\/{rel}","templated":true}]}}